{"id":6817,"date":"2024-03-06T12:00:51","date_gmt":"2024-03-06T11:00:51","guid":{"rendered":"https:\/\/boligdage.dk\/da\/?p=6817"},"modified":"2024-03-06T11:58:37","modified_gmt":"2024-03-06T10:58:37","slug":"rodekro-2019-2-58","status":"publish","type":"post","link":"https:\/\/boligdage.dk\/en\/rodekro-2019-2-58\/","title":{"rendered":"Vigtigheden af god s\u00f8vn og sovekomfort."},"content":{"rendered":"<p class=\"qtranxs-available-languages-message qtranxs-available-languages-message-en\">Sorry, this entry is only available in <a href=\"https:\/\/boligdage.dk\/da\/wp-json\/wp\/v2\/posts\/6817\" class=\"qtranxs-available-language-link qtranxs-available-language-link-da\" title=\"DA\">DA<\/a>.<\/p><p><a href=\"https:\/\/boligdage.dk\/wp-content\/uploads\/sites\/4\/2024\/02\/Boligdage-sengespinderiet.jpg\" data-rel=\"lightbox-image-0\" data-rl_title=\"\" data-rl_caption=\"\" title=\"\"><img loading=\"lazy\" decoding=\"async\" class=\"alignnone wp-image-6818 size-full\" src=\"https:\/\/boligdage.dk\/wp-content\/uploads\/sites\/4\/2024\/02\/Boligdage-sengespinderiet.jpg\" alt=\"\" width=\"650\" height=\"450\" srcset=\"https:\/\/boligdage.dk\/wp-content\/uploads\/sites\/4\/2024\/02\/Boligdage-sengespinderiet.jpg 650w, https:\/\/boligdage.dk\/wp-content\/uploads\/sites\/4\/2024\/02\/Boligdage-sengespinderiet-300x208.jpg 300w, https:\/\/boligdage.dk\/wp-content\/uploads\/sites\/4\/2024\/02\/Boligdage-sengespinderiet-280x194.jpg 280w, https:\/\/boligdage.dk\/wp-content\/uploads\/sites\/4\/2024\/02\/Boligdage-sengespinderiet-110x76.jpg 110w, https:\/\/boligdage.dk\/wp-content\/uploads\/sites\/4\/2024\/02\/Boligdage-sengespinderiet-202x140.jpg 202w, https:\/\/boligdage.dk\/wp-content\/uploads\/sites\/4\/2024\/02\/Boligdage-sengespinderiet-210x145.jpg 210w\" sizes=\"auto, (max-width: 650px) 100vw, 650px\" \/><\/a><\/p>\n<p><strong>Fysioterapeut Jonatan Andersen fra Sengespinderiet vil p\u00e5 messescenen <\/strong><br \/>\n<strong>fort\u00e6lle om vigtigheden af god s\u00f8vn og sovekomfort.<\/strong><\/p>\n<p>I mit arbejde som fysioterapeut har jeg altid f\u00f8lt jeg manglede et aspekt til at opn\u00e5 den fulde effekt af den behandling, jeg gav til mine patienter. Et aspekt som for nogle patienter kunne v\u00e6re altafg\u00f8rende til om behandlingen havde den fulde effekt.<\/p>\n<p>Det aspekt har jeg fundet nu, nemlig s\u00f8vnen. For der er ingen tvivl om, at s\u00f8vn er et af de parametre, som er aller vigtigst i, hvordan vi mennesker fungerer.<br \/>\nB\u00e5de kognitivt men ogs\u00e5 rent kropsligt.<\/p>\n<p>Kom og h\u00f8r Jonatans sp\u00e6ndende opl\u00e6g p\u00e5 scenen.<\/p>\n<p><strong>\ud83d\udcc6 Tid: s\u00f8ndag d.25. februar kl. 13.30<br \/>\n\ud83d\udccd Sted: Messescenen<\/strong><\/p>\n<p>&nbsp;<\/p>","protected":false},"excerpt":{"rendered":"<p>Sorry, this entry is only available in DA. Fysioterapeut Jonatan Andersen fra Sengespinderiet vil p\u00e5 messescenen fort\u00e6lle om vigtigheden af god s\u00f8vn og sovekomfort. I mit arbejde som fysioterapeut har jeg altid f\u00f8lt jeg manglede et aspekt til at opn\u00e5 den fulde effekt af den behandling, jeg gav til mine patienter. Et aspekt som for &hellip; <a href=\"https:\/\/boligdage.dk\/en\/rodekro-2019-2-58\/\" class=\"more-link\">Continue reading <span class=\"screen-reader-text\">Vigtigheden af god s\u00f8vn og sovekomfort.<\/span><\/a><\/p>\n","protected":false},"author":459474,"featured_media":6818,"comment_status":"closed","ping_status":"closed","sticky":false,"template":"","format":"standard","meta":{"inline_featured_image":false,"_exactmetrics_skip_tracking":false,"_exactmetrics_sitenote_active":false,"_exactmetrics_sitenote_note":"","_exactmetrics_sitenote_category":0,"footnotes":""},"categories":[19,1],"tags":[],"class_list":["post-6817","post","type-post","status-publish","format-standard","has-post-thumbnail","hentry","category-pre-fairs","category-uncategorized"],"acf":[],"_links":{"self":[{"href":"https:\/\/boligdage.dk\/en\/wp-json\/wp\/v2\/posts\/6817","targetHints":{"allow":["GET"]}}],"collection":[{"href":"https:\/\/boligdage.dk\/en\/wp-json\/wp\/v2\/posts"}],"about":[{"href":"https:\/\/boligdage.dk\/en\/wp-json\/wp\/v2\/types\/post"}],"author":[{"embeddable":true,"href":"https:\/\/boligdage.dk\/en\/wp-json\/wp\/v2\/users\/459474"}],"replies":[{"embeddable":true,"href":"https:\/\/boligdage.dk\/en\/wp-json\/wp\/v2\/comments?post=6817"}],"version-history":[{"count":2,"href":"https:\/\/boligdage.dk\/en\/wp-json\/wp\/v2\/posts\/6817\/revisions"}],"predecessor-version":[{"id":6859,"href":"https:\/\/boligdage.dk\/en\/wp-json\/wp\/v2\/posts\/6817\/revisions\/6859"}],"wp:featuredmedia":[{"embeddable":true,"href":"https:\/\/boligdage.dk\/en\/wp-json\/wp\/v2\/media\/6818"}],"wp:attachment":[{"href":"https:\/\/boligdage.dk\/en\/wp-json\/wp\/v2\/media?parent=6817"}],"wp:term":[{"taxonomy":"category","embeddable":true,"href":"https:\/\/boligdage.dk\/en\/wp-json\/wp\/v2\/categories?post=6817"},{"taxonomy":"post_tag","embeddable":true,"href":"https:\/\/boligdage.dk\/en\/wp-json\/wp\/v2\/tags?post=6817"}],"curies":[{"name":"wp","href":"https:\/\/api.w.org\/{rel}","templated":true}]}}