{"id":6811,"date":"2024-03-06T12:15:22","date_gmt":"2024-03-06T11:15:22","guid":{"rendered":"https:\/\/boligdage.dk\/da\/?p=6811"},"modified":"2024-03-16T09:02:08","modified_gmt":"2024-03-16T08:02:08","slug":"rodekro-2019-2-56","status":"publish","type":"post","link":"https:\/\/boligdage.dk\/en\/rodekro-2019-2-56\/","title":{"rendered":"POLITI &#8211; Forebyg IT-kriminalitet"},"content":{"rendered":"<p class=\"qtranxs-available-languages-message qtranxs-available-languages-message-en\">Sorry, this entry is only available in <a href=\"https:\/\/boligdage.dk\/da\/wp-json\/wp\/v2\/posts\/6811\" class=\"qtranxs-available-language-link qtranxs-available-language-link-da\" title=\"DA\">DA<\/a>.<\/p><p><a href=\"https:\/\/boligdage.dk\/wp-content\/uploads\/sites\/4\/2024\/02\/Politi-IT-sikkerhed.jpeg\" data-rel=\"lightbox-image-0\" data-rl_title=\"\" data-rl_caption=\"\" title=\"\"><img loading=\"lazy\" decoding=\"async\" class=\"alignnone wp-image-6812 size-full\" src=\"https:\/\/boligdage.dk\/wp-content\/uploads\/sites\/4\/2024\/02\/Politi-IT-sikkerhed.jpeg\" alt=\"\" width=\"719\" height=\"405\" srcset=\"https:\/\/boligdage.dk\/wp-content\/uploads\/sites\/4\/2024\/02\/Politi-IT-sikkerhed.jpeg 719w, https:\/\/boligdage.dk\/wp-content\/uploads\/sites\/4\/2024\/02\/Politi-IT-sikkerhed-300x169.jpeg 300w, https:\/\/boligdage.dk\/wp-content\/uploads\/sites\/4\/2024\/02\/Politi-IT-sikkerhed-280x158.jpeg 280w, https:\/\/boligdage.dk\/wp-content\/uploads\/sites\/4\/2024\/02\/Politi-IT-sikkerhed-110x62.jpeg 110w, https:\/\/boligdage.dk\/wp-content\/uploads\/sites\/4\/2024\/02\/Politi-IT-sikkerhed-249x140.jpeg 249w, https:\/\/boligdage.dk\/wp-content\/uploads\/sites\/4\/2024\/02\/Politi-IT-sikkerhed-210x118.jpeg 210w\" sizes=\"auto, (max-width: 719px) 100vw, 719px\" \/><\/a><\/p>\n<p><strong>M\u00f8d Politiet p\u00e5 Varde Messen 2024<\/strong><\/p>\n<p>Du kan m\u00f8de og h\u00f8re Politiets opl\u00e6g p\u00e5 Vejle messe 2024, her vil Politiet s\u00e6tte fokus p\u00e5 et yderst aktuelt og vigtigt emne: <strong>forebyggelse af IT-kriminalitet.<\/strong><\/p>\n<p>I en tid, hvor digitaliseringen spiller en st\u00f8rre og st\u00f8rre rolle i vores daglige liv, stiger risikoen for at blive m\u00e5l for IT-kriminelle. Dette sceneopl\u00e6g er skr\u00e6ddersyet til at kl\u00e6de dig p\u00e5 med viden og praktiske r\u00e5d, s\u00e5 du kan beskytte dig selv og dine n\u00e6rmeste mod digitale trusler.<\/p>\n<p><strong>Politiets sceneopl\u00e6g omhandler:<\/strong><\/p>\n<ul>\n<li><strong>Ekspertr\u00e5d:<\/strong><br \/>\nF\u00e5 indblik i de seneste tendenser inden for IT-kriminalitet direkte fra eksperterne.<\/li>\n<li><strong>Forebyggelsestips:<\/strong><br \/>\nL\u00e6r hvordan du effektivt kan forebygge IT-kriminalitet med enkle, men kraftfulde strategier.<\/li>\n<li><strong>Sikker digital adf\u00e6rd:<\/strong><br \/>\nBliv klogere p\u00e5, hvordan du navigerer sikkert online og beskytter dine personlige oplysninger.<\/li>\n<li><strong>Interaktiv Q&amp;A session:<\/strong><br \/>\nHar du sp\u00f8rgsm\u00e5l? Dette er din chance for at f\u00e5 svar direkte fra politiets eksperter.<\/li>\n<\/ul>\n<p>\ud83d\uddd3 <strong>Dato:<\/strong> 09.-10. marts\u23f0 <strong>Tid:<\/strong> l\u00f8rdag kl.13.30 &amp; s\u00f8ndag kl.13.30<\/p>\n<p>Dette opl\u00e6g er et must for enhver, der \u00f8nsker at styrke sin digitale sikkerhed og v\u00e6re et skridt foran de kriminelle. Uanset om du er privatperson, en del af en organisation eller driver egen virksomhed, vil du g\u00e5 fra dette opl\u00e6g med v\u00e6rdifulde indsigter og v\u00e6rkt\u00f8jer.<\/p>\n<p>Vi ses p\u00e5 Vejle Messen!<\/p>","protected":false},"excerpt":{"rendered":"<p>Sorry, this entry is only available in DA. M\u00f8d Politiet p\u00e5 Varde Messen 2024 Du kan m\u00f8de og h\u00f8re Politiets opl\u00e6g p\u00e5 Vejle messe 2024, her vil Politiet s\u00e6tte fokus p\u00e5 et yderst aktuelt og vigtigt emne: forebyggelse af IT-kriminalitet. I en tid, hvor digitaliseringen spiller en st\u00f8rre og st\u00f8rre rolle i vores daglige liv, &hellip; <a href=\"https:\/\/boligdage.dk\/en\/rodekro-2019-2-56\/\" class=\"more-link\">Continue reading <span class=\"screen-reader-text\">POLITI &#8211; Forebyg IT-kriminalitet<\/span><\/a><\/p>\n","protected":false},"author":459474,"featured_media":6812,"comment_status":"closed","ping_status":"closed","sticky":false,"template":"","format":"standard","meta":{"inline_featured_image":false,"_exactmetrics_skip_tracking":false,"_exactmetrics_sitenote_active":false,"_exactmetrics_sitenote_note":"","_exactmetrics_sitenote_category":0,"footnotes":""},"categories":[19,1],"tags":[],"class_list":["post-6811","post","type-post","status-publish","format-standard","has-post-thumbnail","hentry","category-pre-fairs","category-uncategorized"],"acf":[],"_links":{"self":[{"href":"https:\/\/boligdage.dk\/en\/wp-json\/wp\/v2\/posts\/6811","targetHints":{"allow":["GET"]}}],"collection":[{"href":"https:\/\/boligdage.dk\/en\/wp-json\/wp\/v2\/posts"}],"about":[{"href":"https:\/\/boligdage.dk\/en\/wp-json\/wp\/v2\/types\/post"}],"author":[{"embeddable":true,"href":"https:\/\/boligdage.dk\/en\/wp-json\/wp\/v2\/users\/459474"}],"replies":[{"embeddable":true,"href":"https:\/\/boligdage.dk\/en\/wp-json\/wp\/v2\/comments?post=6811"}],"version-history":[{"count":3,"href":"https:\/\/boligdage.dk\/en\/wp-json\/wp\/v2\/posts\/6811\/revisions"}],"predecessor-version":[{"id":6861,"href":"https:\/\/boligdage.dk\/en\/wp-json\/wp\/v2\/posts\/6811\/revisions\/6861"}],"wp:featuredmedia":[{"embeddable":true,"href":"https:\/\/boligdage.dk\/en\/wp-json\/wp\/v2\/media\/6812"}],"wp:attachment":[{"href":"https:\/\/boligdage.dk\/en\/wp-json\/wp\/v2\/media?parent=6811"}],"wp:term":[{"taxonomy":"category","embeddable":true,"href":"https:\/\/boligdage.dk\/en\/wp-json\/wp\/v2\/categories?post=6811"},{"taxonomy":"post_tag","embeddable":true,"href":"https:\/\/boligdage.dk\/en\/wp-json\/wp\/v2\/tags?post=6811"}],"curies":[{"name":"wp","href":"https:\/\/api.w.org\/{rel}","templated":true}]}}