{"id":6661,"date":"2023-11-04T12:40:56","date_gmt":"2023-11-04T11:40:56","guid":{"rendered":"https:\/\/boligdage.dk\/da\/?p=6661"},"modified":"2024-03-16T09:04:02","modified_gmt":"2024-03-16T08:04:02","slug":"rodekro-2019-2-52","status":"publish","type":"post","link":"https:\/\/boligdage.dk\/en\/rodekro-2019-2-52\/","title":{"rendered":"22-\u00e5rs Jubil\u00e6um og Street Food omr\u00e5de p\u00e5 Bolig &#038; Livsstilsmessen i Middelfart"},"content":{"rendered":"<p class=\"qtranxs-available-languages-message qtranxs-available-languages-message-en\">Sorry, this entry is only available in <a href=\"https:\/\/boligdage.dk\/da\/wp-json\/wp\/v2\/posts\/6661\" class=\"qtranxs-available-language-link qtranxs-available-language-link-da\" title=\"DA\">DA<\/a>.<\/p><p><a href=\"https:\/\/boligdage.dk\/wp-content\/uploads\/sites\/4\/2023\/11\/Boligdage-Middelfart.png\" data-rel=\"lightbox-image-0\" data-rl_title=\"\" data-rl_caption=\"\" title=\"\"><br \/>\n<img loading=\"lazy\" decoding=\"async\" class=\"alignnone wp-image-6662 size-full\" src=\"https:\/\/boligdage.dk\/wp-content\/uploads\/sites\/4\/2023\/11\/Boligdage-Middelfart.png\" alt=\"\" width=\"800\" height=\"533\" srcset=\"https:\/\/boligdage.dk\/wp-content\/uploads\/sites\/4\/2023\/11\/Boligdage-Middelfart.png 800w, https:\/\/boligdage.dk\/wp-content\/uploads\/sites\/4\/2023\/11\/Boligdage-Middelfart-300x200.png 300w, https:\/\/boligdage.dk\/wp-content\/uploads\/sites\/4\/2023\/11\/Boligdage-Middelfart-768x512.png 768w, https:\/\/boligdage.dk\/wp-content\/uploads\/sites\/4\/2023\/11\/Boligdage-Middelfart-750x500.png 750w, https:\/\/boligdage.dk\/wp-content\/uploads\/sites\/4\/2023\/11\/Boligdage-Middelfart-280x187.png 280w, https:\/\/boligdage.dk\/wp-content\/uploads\/sites\/4\/2023\/11\/Boligdage-Middelfart-110x73.png 110w, https:\/\/boligdage.dk\/wp-content\/uploads\/sites\/4\/2023\/11\/Boligdage-Middelfart-210x140.png 210w\" sizes=\"auto, (max-width: 800px) 100vw, 800px\" \/><\/a><i>Foto, Malene Patzer og Palle Nielsen udg\u00f8r det passionerede duo, der st\u00e5r i spidsen af Middelfart<\/i> messen<a href=\"https:\/\/boligdage.dk\/wp-content\/uploads\/sites\/4\/2023\/11\/Boligdage-Middelfart.png\" data-rel=\"lightbox-image-1\" data-rl_title=\"\" data-rl_caption=\"\" title=\"\"><br \/>\n<\/a><\/p>\n<p style=\"font-weight: 400;\">Bolig &amp; Livsstilsmessen, arrangeret af Boligdage.dk, fejrer i \u00e5r over 22 \u00e5r med succes, og vi er stolte over at vende tilbage til Lilleb\u00e6ltshallerne i Middelfart den 11.-12. november 2023 for at forts\u00e6tte traditionen og bringe det nyeste inden for bolig og livsstil til vores mange messeg\u00e6ster.<\/p>\n<p>Messen har igennem \u00e5rene nydt godt af den gode opbakning fra b\u00e5de Lokale &amp; regionale virksomheder og er et \u00e5rligt h\u00f8jdepunkt for utallige messeg\u00e6ster. Det er denne lokale opbakning, der har v\u00e6ret kernen i messens vedvarende succes.<\/p>\n<p>I \u00e5r kan vores passionerede duo Malene Patzer og Palle Nielsen, som st\u00e5r i spidsen af Middelfart messen<em>, <\/em>introducere et helt nyt streetfood-omr\u00e5de, der inviterer g\u00e6sterne til at nyde en velfortjent pause med et udvalg af kulinariske oplevelser. Dette nye tiltag sikrer, at vores g\u00e6ster kan oplade med l\u00e6kker mad og forfriskninger, indimellem de mange sp\u00e6ndende messestande.<\/p>\n<p>Udstillerne st\u00e5r klar med exceptionelle messetilbud, nyheder, tips samt gode r\u00e5d om boligrenovering og indretning, samt dele ud af deres ekspertise indenfor delikatesser og livsstilstips.<\/p>\n<p><strong>Dato<\/strong>: 11. &#8211; 12. november 2023<br \/>\n<strong>\u00c5bningstider<\/strong>: l\u00f8rdag fra 10:00-17:00 &amp; s\u00f8ndag fra 10:00-16:00<br \/>\n<strong>Sted:<\/strong> Lilleb\u00e6ltshallerne, Middelfart<br \/>\n<strong>Entr\u00e9 pris<\/strong>: Voksne: kr. 75,- | B\u00f8rn under 18 \u00e5r: Gratis adgang<\/p>\n<p style=\"font-weight: 400;\">Messen er arrangeret af Compass Fairs, der i dag kan prale af titlen som Skandinaviens st\u00f8rste messearrang\u00f8r. Med vores ekspertise i branchen garanterer vi en messe af h\u00f8j kvalitet, som b\u00e5de udstillere og g\u00e6ster vil f\u00e5 gl\u00e6de af.<\/p>\n<p>Dette er den ideelle begivenhed for alle, der \u00f8nsker at dykke ned i de nyeste trends, f\u00e5 inspiration til hjemmet eller blot \u00f8nsker en underholdende dag med familien.<\/p>\n<p style=\"font-weight: 400;\"><strong>Om Boligdage.dk:<br \/>\n<\/strong>Boligdage.dk er Danmarks f\u00f8rende platform for bolig- og livsstilsmesser, der forbinder udstillere med tusindvis af bes\u00f8gende hvert \u00e5r. Vores mission er at inspirere, oplyse og forbinde mennesker med passion for bolig og livsstil.<br \/>\nVi ser frem til at byde alle velkommen til en inspirerende weekend i Lilleb\u00e6ltshallerne!<\/p>\n<p><\/p>","protected":false},"excerpt":{"rendered":"<p>Sorry, this entry is only available in DA. Foto, Malene Patzer og Palle Nielsen udg\u00f8r det passionerede duo, der st\u00e5r i spidsen af Middelfart messen Bolig &amp; Livsstilsmessen, arrangeret af Boligdage.dk, fejrer i \u00e5r over 22 \u00e5r med succes, og vi er stolte over at vende tilbage til Lilleb\u00e6ltshallerne i Middelfart den 11.-12. november 2023 &hellip; <a href=\"https:\/\/boligdage.dk\/en\/rodekro-2019-2-52\/\" class=\"more-link\">Continue reading <span class=\"screen-reader-text\">22-\u00e5rs Jubil\u00e6um og Street Food omr\u00e5de p\u00e5 Bolig &#038; Livsstilsmessen i Middelfart<\/span><\/a><\/p>\n","protected":false},"author":459474,"featured_media":6662,"comment_status":"closed","ping_status":"closed","sticky":false,"template":"","format":"standard","meta":{"inline_featured_image":false,"_exactmetrics_skip_tracking":false,"_exactmetrics_sitenote_active":false,"_exactmetrics_sitenote_note":"","_exactmetrics_sitenote_category":0,"footnotes":""},"categories":[19,1],"tags":[],"class_list":["post-6661","post","type-post","status-publish","format-standard","has-post-thumbnail","hentry","category-pre-fairs","category-uncategorized"],"acf":[],"_links":{"self":[{"href":"https:\/\/boligdage.dk\/en\/wp-json\/wp\/v2\/posts\/6661","targetHints":{"allow":["GET"]}}],"collection":[{"href":"https:\/\/boligdage.dk\/en\/wp-json\/wp\/v2\/posts"}],"about":[{"href":"https:\/\/boligdage.dk\/en\/wp-json\/wp\/v2\/types\/post"}],"author":[{"embeddable":true,"href":"https:\/\/boligdage.dk\/en\/wp-json\/wp\/v2\/users\/459474"}],"replies":[{"embeddable":true,"href":"https:\/\/boligdage.dk\/en\/wp-json\/wp\/v2\/comments?post=6661"}],"version-history":[{"count":3,"href":"https:\/\/boligdage.dk\/en\/wp-json\/wp\/v2\/posts\/6661\/revisions"}],"predecessor-version":[{"id":6665,"href":"https:\/\/boligdage.dk\/en\/wp-json\/wp\/v2\/posts\/6661\/revisions\/6665"}],"wp:featuredmedia":[{"embeddable":true,"href":"https:\/\/boligdage.dk\/en\/wp-json\/wp\/v2\/media\/6662"}],"wp:attachment":[{"href":"https:\/\/boligdage.dk\/en\/wp-json\/wp\/v2\/media?parent=6661"}],"wp:term":[{"taxonomy":"category","embeddable":true,"href":"https:\/\/boligdage.dk\/en\/wp-json\/wp\/v2\/categories?post=6661"},{"taxonomy":"post_tag","embeddable":true,"href":"https:\/\/boligdage.dk\/en\/wp-json\/wp\/v2\/tags?post=6661"}],"curies":[{"name":"wp","href":"https:\/\/api.w.org\/{rel}","templated":true}]}}