{"id":6649,"date":"2023-11-02T17:28:53","date_gmt":"2023-11-02T16:28:53","guid":{"rendered":"https:\/\/boligdage.dk\/da\/?p=6649"},"modified":"2024-03-16T09:04:43","modified_gmt":"2024-03-16T08:04:43","slug":"rodekro-2019-2-50","status":"publish","type":"post","link":"https:\/\/boligdage.dk\/en\/rodekro-2019-2-50\/","title":{"rendered":"M\u00f8d Viceborgmester Ulla S\u00f8rensen p\u00e5 Middelfart messen"},"content":{"rendered":"<p class=\"qtranxs-available-languages-message qtranxs-available-languages-message-en\">Sorry, this entry is only available in <a href=\"https:\/\/boligdage.dk\/da\/wp-json\/wp\/v2\/posts\/6649\" class=\"qtranxs-available-language-link qtranxs-available-language-link-da\" title=\"DA\">DA<\/a>.<\/p><p><\/p>\n<div class=\"x11i5rnm xat24cr x1mh8g0r x1vvkbs xtlvy1s x126k92a\">\n<div dir=\"auto\"><a href=\"https:\/\/boligdage.dk\/wp-content\/uploads\/sites\/4\/2023\/11\/Boligdage-Viceborgmester1.png\" data-rel=\"lightbox-image-0\" data-rl_title=\"\" data-rl_caption=\"\" title=\"\"><img loading=\"lazy\" decoding=\"async\" class=\"alignnone wp-image-6650 size-full\" src=\"https:\/\/boligdage.dk\/wp-content\/uploads\/sites\/4\/2023\/11\/Boligdage-Viceborgmester1.png\" alt=\"\" width=\"1200\" height=\"870\" srcset=\"https:\/\/boligdage.dk\/wp-content\/uploads\/sites\/4\/2023\/11\/Boligdage-Viceborgmester1.png 1200w, https:\/\/boligdage.dk\/wp-content\/uploads\/sites\/4\/2023\/11\/Boligdage-Viceborgmester1-300x218.png 300w, https:\/\/boligdage.dk\/wp-content\/uploads\/sites\/4\/2023\/11\/Boligdage-Viceborgmester1-768x557.png 768w, https:\/\/boligdage.dk\/wp-content\/uploads\/sites\/4\/2023\/11\/Boligdage-Viceborgmester1-1024x742.png 1024w, https:\/\/boligdage.dk\/wp-content\/uploads\/sites\/4\/2023\/11\/Boligdage-Viceborgmester1-280x203.png 280w, https:\/\/boligdage.dk\/wp-content\/uploads\/sites\/4\/2023\/11\/Boligdage-Viceborgmester1-110x80.png 110w, https:\/\/boligdage.dk\/wp-content\/uploads\/sites\/4\/2023\/11\/Boligdage-Viceborgmester1-193x140.png 193w, https:\/\/boligdage.dk\/wp-content\/uploads\/sites\/4\/2023\/11\/Boligdage-Viceborgmester1-210x152.png 210w\" sizes=\"auto, (max-width: 1200px) 100vw, 1200px\" \/><\/a><\/div>\n<div dir=\"auto\">\n<p>Er du nysgerrig efter at h\u00f8re mere om, hvad der sker i Middelfart Kommune? S\u00e5 er dette din chance!<\/p>\n<\/div>\n<\/div>\n<div class=\"x11i5rnm xat24cr x1mh8g0r x1vvkbs xtlvy1s x126k92a\">\n<div dir=\"auto\">\n<p>Viceborgmester Ulla S\u00f8rensen vil st\u00e5 p\u00e5 scenen og dele sp\u00e6ndende indsigt om:<\/p>\n<\/div>\n<\/div>\n<div class=\"x11i5rnm xat24cr x1mh8g0r x1vvkbs xtlvy1s x126k92a\">\n<div dir=\"auto\"><span class=\"x3nfvp2 x1j61x8r x1fcty0u xdj266r xhhsvwb xat24cr xgzva0m xxymvpz xlup9mm x1kky2od\"><img loading=\"lazy\" decoding=\"async\" class=\"xz74otr\" src=\"https:\/\/static.xx.fbcdn.net\/images\/emoji.php\/v9\/tb4\/2\/16\/2705.png\" alt=\"\u2705\" width=\"16\" height=\"16\" \/><\/span>Udviklingen i Middelfart Kommune <span class=\"x3nfvp2 x1j61x8r x1fcty0u xdj266r xhhsvwb xat24cr xgzva0m xxymvpz xlup9mm x1kky2od\"><img loading=\"lazy\" decoding=\"async\" class=\"xz74otr\" src=\"https:\/\/static.xx.fbcdn.net\/images\/emoji.php\/v9\/tfe\/2\/16\/1f3d8.png\" alt=\"\ud83c\udfd8\ufe0f\" width=\"16\" height=\"16\" \/><\/span><\/div>\n<div dir=\"auto\">\n<p><span class=\"x3nfvp2 x1j61x8r x1fcty0u xdj266r xhhsvwb xat24cr xgzva0m xxymvpz xlup9mm x1kky2od\"><img loading=\"lazy\" decoding=\"async\" class=\"xz74otr\" src=\"https:\/\/static.xx.fbcdn.net\/images\/emoji.php\/v9\/tb4\/2\/16\/2705.png\" alt=\"\u2705\" width=\"16\" height=\"16\" \/><\/span>Status p\u00e5 aktuelle og br\u00e6ndende emner i kommunen <span class=\"x3nfvp2 x1j61x8r x1fcty0u xdj266r xhhsvwb xat24cr xgzva0m xxymvpz xlup9mm x1kky2od\"><img loading=\"lazy\" decoding=\"async\" class=\"xz74otr\" src=\"https:\/\/static.xx.fbcdn.net\/images\/emoji.php\/v9\/tef\/2\/16\/1f525.png\" alt=\"\ud83d\udd25\" width=\"16\" height=\"16\" \/><\/span><\/p>\n<p><span class=\"x3nfvp2 x1j61x8r x1fcty0u xdj266r xhhsvwb xat24cr xgzva0m xxymvpz xlup9mm x1kky2od\"><img loading=\"lazy\" decoding=\"async\" class=\"xz74otr\" src=\"https:\/\/static.xx.fbcdn.net\/images\/emoji.php\/v9\/tfb\/2\/16\/1f5d3.png\" alt=\"\ud83d\uddd3\ufe0f\" width=\"16\" height=\"16\" \/><\/span> Dato: 11. november 2023<br \/>\n<span class=\"x3nfvp2 x1j61x8r x1fcty0u xdj266r xhhsvwb xat24cr xgzva0m xxymvpz xlup9mm x1kky2od\"><img loading=\"lazy\" decoding=\"async\" class=\"xz74otr\" src=\"https:\/\/static.xx.fbcdn.net\/images\/emoji.php\/v9\/tcc\/2\/16\/1f4cd.png\" alt=\"\ud83d\udccd\" width=\"16\" height=\"16\" \/><\/span> Sted: messescenen<br \/>\n<span class=\"x3nfvp2 x1j61x8r x1fcty0u xdj266r xhhsvwb xat24cr xgzva0m xxymvpz xlup9mm x1kky2od\"><img loading=\"lazy\" decoding=\"async\" class=\"xz74otr\" src=\"https:\/\/static.xx.fbcdn.net\/images\/emoji.php\/v9\/tf8\/2\/16\/1f55a.png\" alt=\"\ud83d\udd5a\" width=\"16\" height=\"16\" \/><\/span>Tid: kl.11.30<\/p>\n<p><span class=\"x3nfvp2 x1j61x8r x1fcty0u xdj266r xhhsvwb xat24cr xgzva0m xxymvpz xlup9mm x1kky2od\"><img loading=\"lazy\" decoding=\"async\" class=\"xz74otr\" src=\"https:\/\/static.xx.fbcdn.net\/images\/emoji.php\/v9\/t2a\/2\/16\/1f465.png\" alt=\"\ud83d\udc65\" width=\"16\" height=\"16\" \/><\/span> Dette er en unik mulighed for at f\u00e5 f\u00f8rsteh\u00e5nds information og stille dine sp\u00f8rgsm\u00e5l direkte til viceborgmesteren!<\/p>\n<\/div>\n<\/div>\n<p><\/p>","protected":false},"excerpt":{"rendered":"<p>Sorry, this entry is only available in DA. Er du nysgerrig efter at h\u00f8re mere om, hvad der sker i Middelfart Kommune? S\u00e5 er dette din chance! Viceborgmester Ulla S\u00f8rensen vil st\u00e5 p\u00e5 scenen og dele sp\u00e6ndende indsigt om: Udviklingen i Middelfart Kommune Status p\u00e5 aktuelle og br\u00e6ndende emner i kommunen Dato: 11. november 2023 &hellip; <a href=\"https:\/\/boligdage.dk\/en\/rodekro-2019-2-50\/\" class=\"more-link\">Continue reading <span class=\"screen-reader-text\">M\u00f8d Viceborgmester Ulla S\u00f8rensen p\u00e5 Middelfart messen<\/span><\/a><\/p>\n","protected":false},"author":459474,"featured_media":6653,"comment_status":"closed","ping_status":"closed","sticky":false,"template":"","format":"standard","meta":{"inline_featured_image":false,"_exactmetrics_skip_tracking":false,"_exactmetrics_sitenote_active":false,"_exactmetrics_sitenote_note":"","_exactmetrics_sitenote_category":0,"footnotes":""},"categories":[19,1],"tags":[],"class_list":["post-6649","post","type-post","status-publish","format-standard","has-post-thumbnail","hentry","category-pre-fairs","category-uncategorized"],"acf":[],"_links":{"self":[{"href":"https:\/\/boligdage.dk\/en\/wp-json\/wp\/v2\/posts\/6649","targetHints":{"allow":["GET"]}}],"collection":[{"href":"https:\/\/boligdage.dk\/en\/wp-json\/wp\/v2\/posts"}],"about":[{"href":"https:\/\/boligdage.dk\/en\/wp-json\/wp\/v2\/types\/post"}],"author":[{"embeddable":true,"href":"https:\/\/boligdage.dk\/en\/wp-json\/wp\/v2\/users\/459474"}],"replies":[{"embeddable":true,"href":"https:\/\/boligdage.dk\/en\/wp-json\/wp\/v2\/comments?post=6649"}],"version-history":[{"count":3,"href":"https:\/\/boligdage.dk\/en\/wp-json\/wp\/v2\/posts\/6649\/revisions"}],"predecessor-version":[{"id":6654,"href":"https:\/\/boligdage.dk\/en\/wp-json\/wp\/v2\/posts\/6649\/revisions\/6654"}],"wp:featuredmedia":[{"embeddable":true,"href":"https:\/\/boligdage.dk\/en\/wp-json\/wp\/v2\/media\/6653"}],"wp:attachment":[{"href":"https:\/\/boligdage.dk\/en\/wp-json\/wp\/v2\/media?parent=6649"}],"wp:term":[{"taxonomy":"category","embeddable":true,"href":"https:\/\/boligdage.dk\/en\/wp-json\/wp\/v2\/categories?post=6649"},{"taxonomy":"post_tag","embeddable":true,"href":"https:\/\/boligdage.dk\/en\/wp-json\/wp\/v2\/tags?post=6649"}],"curies":[{"name":"wp","href":"https:\/\/api.w.org\/{rel}","templated":true}]}}