{"id":6584,"date":"2023-09-21T11:13:29","date_gmt":"2023-09-21T09:13:29","guid":{"rendered":"https:\/\/boligdage.dk\/da\/?p=6584"},"modified":"2023-10-03T18:00:09","modified_gmt":"2023-10-03T16:00:09","slug":"rodekro-2019-2-42","status":"publish","type":"post","link":"https:\/\/boligdage.dk\/en\/rodekro-2019-2-42\/","title":{"rendered":"Status p\u00e5 boligmarkedet \u2013 Gode r\u00e5d til s\u00e6lger og k\u00f8ber"},"content":{"rendered":"<p class=\"qtranxs-available-languages-message qtranxs-available-languages-message-en\">Sorry, this entry is only available in <a href=\"https:\/\/boligdage.dk\/da\/wp-json\/wp\/v2\/posts\/6584\" class=\"qtranxs-available-language-link qtranxs-available-language-link-da\" title=\"DA\">DA<\/a>.<\/p><p><a href=\"https:\/\/boligdage.dk\/wp-content\/uploads\/sites\/4\/2023\/09\/Dan-Bolig-Holstebro2023.jpg\" data-rel=\"lightbox-image-0\" data-rl_title=\"\" data-rl_caption=\"\" title=\"\"><img loading=\"lazy\" decoding=\"async\" class=\"alignnone wp-image-6585 size-large\" src=\"https:\/\/boligdage.dk\/wp-content\/uploads\/sites\/4\/2023\/09\/Dan-Bolig-Holstebro2023-1024x761.jpg\" alt=\"\" width=\"660\" height=\"490\" srcset=\"https:\/\/boligdage.dk\/wp-content\/uploads\/sites\/4\/2023\/09\/Dan-Bolig-Holstebro2023-1024x761.jpg 1024w, https:\/\/boligdage.dk\/wp-content\/uploads\/sites\/4\/2023\/09\/Dan-Bolig-Holstebro2023-300x223.jpg 300w, https:\/\/boligdage.dk\/wp-content\/uploads\/sites\/4\/2023\/09\/Dan-Bolig-Holstebro2023-768x571.jpg 768w, https:\/\/boligdage.dk\/wp-content\/uploads\/sites\/4\/2023\/09\/Dan-Bolig-Holstebro2023-280x208.jpg 280w, https:\/\/boligdage.dk\/wp-content\/uploads\/sites\/4\/2023\/09\/Dan-Bolig-Holstebro2023-110x82.jpg 110w, https:\/\/boligdage.dk\/wp-content\/uploads\/sites\/4\/2023\/09\/Dan-Bolig-Holstebro2023-188x140.jpg 188w, https:\/\/boligdage.dk\/wp-content\/uploads\/sites\/4\/2023\/09\/Dan-Bolig-Holstebro2023-210x156.jpg 210w, https:\/\/boligdage.dk\/wp-content\/uploads\/sites\/4\/2023\/09\/Dan-Bolig-Holstebro2023.jpg 1200w\" sizes=\"auto, (max-width: 660px) 100vw, 660px\" \/><\/a><\/p>\n<p>\ud83c\udfe1 <strong>Dan Bolig Holstebro pr\u00e6senterer: Status p\u00e5 boligmarkedet!<\/strong><\/p>\n<p>Er du nysgerrig p\u00e5 boligmarkedets nuv\u00e6rende status? Overvejer du at k\u00f8be eller s\u00e6lge? S\u00e5 skal du bestemt ikke g\u00e5 glip af denne unikke pr\u00e6sentation!<br \/>\nKom og h\u00f8r Dan Bolig Holstebro dele deres ekspertise og indblik i boligmarkedets aktuelle tendenser, b\u00e5de for potentielle k\u00f8bere og s\u00e6lgere.<\/p>\n<p>\ud83d\udcc6 <strong>Tid:<\/strong> S\u00f8ndag, kl. 11:30 \ud83d\udccd <strong>Sted:<\/strong> messescenen<\/p>\n<p>\u00d8nsker du blot en mere personlig snak omkring dine boligdr\u00f8mme, kan du finde Dan Bolig p\u00e5 <strong>stand 32<\/strong>. De gl\u00e6der sig til at m\u00f8de dig!<\/p>\n<p><strong>Hvem er Dan Bolig Holstebro<br \/>\n<\/strong>Dan Bolig Holstebro best\u00e5r af et dynamisk team af kompetente og engagerede medarbejdere og ejendomsm\u00e6glere, som sammen sikrer en tryg og velgennemf\u00f8rt bolighandel. De l\u00e6gger stor v\u00e6gt p\u00e5 h\u00f8j kvalitet og kundetilfredshed. Det betyder, at de altid kvalitetssikrer deres arbejde en ekstra gang. Deres v\u00e6rdier er kompetence, dynamik, empati og trov\u00e6rdighed, og de l\u00e6gger stor v\u00e6gt p\u00e5 grundighed og rettidighed.<\/p>\n<p>Dan Bolig Holstebro g\u00f8r sig umage for at kende deres lokalomr\u00e5de. Som lokal ejendomsm\u00e6gler i Holstebro \u00f8nsker de at have fingeren p\u00e5 pulsen omkring alt, hvad der r\u00f8rer sig i byen &#8211; ogs\u00e5 n\u00e5r det g\u00e6lder boligmarkedet.<br \/>\nTeamet bor alle i lokalomr\u00e5det &#8211; ja, de fleste af dem er enten f\u00f8dt og opvokset her, eller ogs\u00e5 har de en mange\u00e5rig tilknytning til omr\u00e5det.<\/p>\n<p>Dan Bolig Holstebro tilbyder deres hj\u00e6lp og ekspertise i salg af alle boligtyper og garanterer en skarp og effektiv markedsf\u00f8ringsindsats.<\/p>\n<p>M\u00f8d dem p\u00e5 Holstebro messen 2023, samt p\u00e5 scenen s\u00f8ndag kl.11:30<\/p>","protected":false},"excerpt":{"rendered":"<p>Sorry, this entry is only available in DA. \ud83c\udfe1 Dan Bolig Holstebro pr\u00e6senterer: Status p\u00e5 boligmarkedet! Er du nysgerrig p\u00e5 boligmarkedets nuv\u00e6rende status? Overvejer du at k\u00f8be eller s\u00e6lge? S\u00e5 skal du bestemt ikke g\u00e5 glip af denne unikke pr\u00e6sentation! Kom og h\u00f8r Dan Bolig Holstebro dele deres ekspertise og indblik i boligmarkedets aktuelle tendenser, &hellip; <a href=\"https:\/\/boligdage.dk\/en\/rodekro-2019-2-42\/\" class=\"more-link\">Continue reading <span class=\"screen-reader-text\">Status p\u00e5 boligmarkedet \u2013 Gode r\u00e5d til s\u00e6lger og k\u00f8ber<\/span><\/a><\/p>\n","protected":false},"author":459474,"featured_media":6589,"comment_status":"closed","ping_status":"closed","sticky":false,"template":"","format":"standard","meta":{"inline_featured_image":false,"_exactmetrics_skip_tracking":false,"_exactmetrics_sitenote_active":false,"_exactmetrics_sitenote_note":"","_exactmetrics_sitenote_category":0,"footnotes":""},"categories":[19],"tags":[],"class_list":["post-6584","post","type-post","status-publish","format-standard","has-post-thumbnail","hentry","category-pre-fairs"],"acf":[],"_links":{"self":[{"href":"https:\/\/boligdage.dk\/en\/wp-json\/wp\/v2\/posts\/6584","targetHints":{"allow":["GET"]}}],"collection":[{"href":"https:\/\/boligdage.dk\/en\/wp-json\/wp\/v2\/posts"}],"about":[{"href":"https:\/\/boligdage.dk\/en\/wp-json\/wp\/v2\/types\/post"}],"author":[{"embeddable":true,"href":"https:\/\/boligdage.dk\/en\/wp-json\/wp\/v2\/users\/459474"}],"replies":[{"embeddable":true,"href":"https:\/\/boligdage.dk\/en\/wp-json\/wp\/v2\/comments?post=6584"}],"version-history":[{"count":5,"href":"https:\/\/boligdage.dk\/en\/wp-json\/wp\/v2\/posts\/6584\/revisions"}],"predecessor-version":[{"id":6591,"href":"https:\/\/boligdage.dk\/en\/wp-json\/wp\/v2\/posts\/6584\/revisions\/6591"}],"wp:featuredmedia":[{"embeddable":true,"href":"https:\/\/boligdage.dk\/en\/wp-json\/wp\/v2\/media\/6589"}],"wp:attachment":[{"href":"https:\/\/boligdage.dk\/en\/wp-json\/wp\/v2\/media?parent=6584"}],"wp:term":[{"taxonomy":"category","embeddable":true,"href":"https:\/\/boligdage.dk\/en\/wp-json\/wp\/v2\/categories?post=6584"},{"taxonomy":"post_tag","embeddable":true,"href":"https:\/\/boligdage.dk\/en\/wp-json\/wp\/v2\/tags?post=6584"}],"curies":[{"name":"wp","href":"https:\/\/api.w.org\/{rel}","templated":true}]}}