{"id":6399,"date":"2023-03-07T18:53:13","date_gmt":"2023-03-07T17:53:13","guid":{"rendered":"https:\/\/boligdage.dk\/da\/?p=6399"},"modified":"2023-03-07T18:56:43","modified_gmt":"2023-03-07T17:56:43","slug":"rodekro-2019-2-35","status":"publish","type":"post","link":"https:\/\/boligdage.dk\/en\/rodekro-2019-2-35\/","title":{"rendered":"L\u00f8rdag kl.12.30"},"content":{"rendered":"<p class=\"qtranxs-available-languages-message qtranxs-available-languages-message-en\">Sorry, this entry is only available in <a href=\"https:\/\/boligdage.dk\/da\/wp-json\/wp\/v2\/posts\/6399\" class=\"qtranxs-available-language-link qtranxs-available-language-link-da\" title=\"DA\">DA<\/a>.<\/p><p><strong>Vardes Borgmester<\/strong>\u00a0Mads S\u00f8rensen(v) g\u00e6ster messen og vil fra scenen fort\u00e6lle hvad der r\u00f8r sig i varde kommune netop nu, hvordan ser fremtidsplanerne ud og hvad har v\u00e6ret de vigtigste opgaver som ny borgmester i jeres by.<\/p>\n<p>Det f\u00f8rste \u00e5r p\u00e5 posten er g\u00e5et og meget er sket siden.<\/p>","protected":false},"excerpt":{"rendered":"<p>Sorry, this entry is only available in DA.Vardes Borgmester\u00a0Mads S\u00f8rensen(v) g\u00e6ster messen og vil fra scenen fort\u00e6lle hvad der r\u00f8r sig i varde kommune netop nu, hvordan ser fremtidsplanerne ud og hvad har v\u00e6ret de vigtigste opgaver som ny borgmester i jeres by. Det f\u00f8rste \u00e5r p\u00e5 posten er g\u00e5et og meget er sket siden.<\/p>\n","protected":false},"author":459474,"featured_media":6402,"comment_status":"closed","ping_status":"closed","sticky":false,"template":"","format":"standard","meta":{"inline_featured_image":false,"_exactmetrics_skip_tracking":false,"_exactmetrics_sitenote_active":false,"_exactmetrics_sitenote_note":"","_exactmetrics_sitenote_category":0,"footnotes":""},"categories":[1],"tags":[],"class_list":["post-6399","post","type-post","status-publish","format-standard","has-post-thumbnail","hentry","category-uncategorized"],"acf":[],"_links":{"self":[{"href":"https:\/\/boligdage.dk\/en\/wp-json\/wp\/v2\/posts\/6399","targetHints":{"allow":["GET"]}}],"collection":[{"href":"https:\/\/boligdage.dk\/en\/wp-json\/wp\/v2\/posts"}],"about":[{"href":"https:\/\/boligdage.dk\/en\/wp-json\/wp\/v2\/types\/post"}],"author":[{"embeddable":true,"href":"https:\/\/boligdage.dk\/en\/wp-json\/wp\/v2\/users\/459474"}],"replies":[{"embeddable":true,"href":"https:\/\/boligdage.dk\/en\/wp-json\/wp\/v2\/comments?post=6399"}],"version-history":[{"count":1,"href":"https:\/\/boligdage.dk\/en\/wp-json\/wp\/v2\/posts\/6399\/revisions"}],"predecessor-version":[{"id":6401,"href":"https:\/\/boligdage.dk\/en\/wp-json\/wp\/v2\/posts\/6399\/revisions\/6401"}],"wp:featuredmedia":[{"embeddable":true,"href":"https:\/\/boligdage.dk\/en\/wp-json\/wp\/v2\/media\/6402"}],"wp:attachment":[{"href":"https:\/\/boligdage.dk\/en\/wp-json\/wp\/v2\/media?parent=6399"}],"wp:term":[{"taxonomy":"category","embeddable":true,"href":"https:\/\/boligdage.dk\/en\/wp-json\/wp\/v2\/categories?post=6399"},{"taxonomy":"post_tag","embeddable":true,"href":"https:\/\/boligdage.dk\/en\/wp-json\/wp\/v2\/tags?post=6399"}],"curies":[{"name":"wp","href":"https:\/\/api.w.org\/{rel}","templated":true}]}}