{"id":6161,"date":"2022-10-13T18:32:11","date_gmt":"2022-10-13T16:32:11","guid":{"rendered":"https:\/\/boligdage.dk\/da\/?p=6161"},"modified":"2022-10-13T18:32:20","modified_gmt":"2022-10-13T16:32:20","slug":"rodekro-2019-2-31","status":"publish","type":"post","link":"https:\/\/boligdage.dk\/en\/rodekro-2019-2-31\/","title":{"rendered":"Gardiner skaber stemning"},"content":{"rendered":"<p class=\"qtranxs-available-languages-message qtranxs-available-languages-message-en\">Sorry, this entry is only available in <a href=\"https:\/\/boligdage.dk\/da\/wp-json\/wp\/v2\/posts\/6161\" class=\"qtranxs-available-language-link qtranxs-available-language-link-da\" title=\"DA\">DA<\/a>.<\/p><p>B\u00f8rnene vil sikkert s\u00e6tte pris p\u00e5, at f\u00e5 nogle farverige og sp\u00e6ndende gardiner til deres v\u00e6relser. Til k\u00f8kkenet kan det v\u00e6re, at du helst vil have nogle neutrale farver mens stuen skal pyntes med livlige farver, idet resten af indretningen er i lignende farver. Til sovev\u00e6relset har du m\u00e5ske lyst til den mere romantiske stil eller til meget m\u00f8rke gardiner, s\u00e5 der bliver m\u00f8rkt, n\u00e5r du skal sove. Det kan ogs\u00e5 v\u00e6re, at dine \u00f8nsker og behov g\u00e5r i en helt anden retning og det er der ogs\u00e5 mulighed for. Der er et stort udvalg i b\u00e5de farver og v\u00e6vninger, s\u00e5 du nemt finder den stil, der lige passer til dig og din familie.<\/p>\n<p>Det er nemt at skabe lige netop den stemning, som du \u00f8nsker, ved hj\u00e6lp af forskellige farver og stoftyper. Hvis du er i tvivl om, hvilken stil du er til, s\u00e5 kan det v\u00e6re en god id\u00e9, at s\u00f8ge inspiration f\u00f8rst. Det kan nemt g\u00f8res p\u00e5 nettet eller i kataloger.<\/p>\n<p>Vi kommer ogs\u00e5 gerne ud og hj\u00e6lper dig med, at finde den helt rette l\u00f8sning, som du bliver glad for. Vi skr\u00e6ddersyr dem som du vil have dem, s\u00e5 der er ikke noget b\u00f8vl med, at skulle rette m\u00e5l til eller g\u00e5 p\u00e5 kompromis med dine \u00f8nsker.<\/p>\n<p>Bes\u00f8g Mono Gardiner p\u00e5 Middelfart messen 2022<\/p>","protected":false},"excerpt":{"rendered":"<p>Sorry, this entry is only available in DA.B\u00f8rnene vil sikkert s\u00e6tte pris p\u00e5, at f\u00e5 nogle farverige og sp\u00e6ndende gardiner til deres v\u00e6relser. Til k\u00f8kkenet kan det v\u00e6re, at du helst vil have nogle neutrale farver mens stuen skal pyntes med livlige farver, idet resten af indretningen er i lignende farver. Til sovev\u00e6relset har du &hellip; <a href=\"https:\/\/boligdage.dk\/en\/rodekro-2019-2-31\/\" class=\"more-link\">Continue reading <span class=\"screen-reader-text\">Gardiner skaber stemning<\/span><\/a><\/p>\n","protected":false},"author":459474,"featured_media":6162,"comment_status":"closed","ping_status":"closed","sticky":false,"template":"","format":"standard","meta":{"inline_featured_image":false,"_exactmetrics_skip_tracking":false,"_exactmetrics_sitenote_active":false,"_exactmetrics_sitenote_note":"","_exactmetrics_sitenote_category":0,"footnotes":""},"categories":[17,19],"tags":[],"class_list":["post-6161","post","type-post","status-publish","format-standard","has-post-thumbnail","hentry","category-home","category-pre-fairs"],"acf":[],"_links":{"self":[{"href":"https:\/\/boligdage.dk\/en\/wp-json\/wp\/v2\/posts\/6161","targetHints":{"allow":["GET"]}}],"collection":[{"href":"https:\/\/boligdage.dk\/en\/wp-json\/wp\/v2\/posts"}],"about":[{"href":"https:\/\/boligdage.dk\/en\/wp-json\/wp\/v2\/types\/post"}],"author":[{"embeddable":true,"href":"https:\/\/boligdage.dk\/en\/wp-json\/wp\/v2\/users\/459474"}],"replies":[{"embeddable":true,"href":"https:\/\/boligdage.dk\/en\/wp-json\/wp\/v2\/comments?post=6161"}],"version-history":[{"count":1,"href":"https:\/\/boligdage.dk\/en\/wp-json\/wp\/v2\/posts\/6161\/revisions"}],"predecessor-version":[{"id":6163,"href":"https:\/\/boligdage.dk\/en\/wp-json\/wp\/v2\/posts\/6161\/revisions\/6163"}],"wp:featuredmedia":[{"embeddable":true,"href":"https:\/\/boligdage.dk\/en\/wp-json\/wp\/v2\/media\/6162"}],"wp:attachment":[{"href":"https:\/\/boligdage.dk\/en\/wp-json\/wp\/v2\/media?parent=6161"}],"wp:term":[{"taxonomy":"category","embeddable":true,"href":"https:\/\/boligdage.dk\/en\/wp-json\/wp\/v2\/categories?post=6161"},{"taxonomy":"post_tag","embeddable":true,"href":"https:\/\/boligdage.dk\/en\/wp-json\/wp\/v2\/tags?post=6161"}],"curies":[{"name":"wp","href":"https:\/\/api.w.org\/{rel}","templated":true}]}}