{"id":5777,"date":"2021-05-14T18:04:12","date_gmt":"2021-05-14T16:04:12","guid":{"rendered":"https:\/\/boligdage.dk\/da\/?p=5777"},"modified":"2021-05-14T18:04:28","modified_gmt":"2021-05-14T16:04:28","slug":"rodekro-2019-2-11","status":"publish","type":"post","link":"https:\/\/boligdage.dk\/en\/rodekro-2019-2-11\/","title":{"rendered":"Boligmessen i Varde gennemf\u00f8res efter ufrivillig Corona-pause"},"content":{"rendered":"<p class=\"qtranxs-available-languages-message qtranxs-available-languages-message-en\">Sorry, this entry is only available in <a href=\"https:\/\/boligdage.dk\/da\/wp-json\/wp\/v2\/posts\/5777\" class=\"qtranxs-available-language-link qtranxs-available-language-link-da\" title=\"DA\">DA<\/a>.<\/p><p><strong>Den traditionsrige Varde Messe afvikles med maksimal tryghed for udstillere og g\u00e6ster den 29.+30. maj.<\/strong><\/p>\n<p>L\u00e6nge har der v\u00e6ret usikkerhed, om den traditionsrige Boligdage messe i Varde kunne gennemf\u00f8res i \u00e5r. De seneste lempelser af Regeringens Corona-restriktioner muligg\u00f8r nu en sikker gennemf\u00f8relse, s\u00e5 arrang\u00f8ren Compass Fairs melder nu klart hus baseret p\u00e5 et gennemarbejdet sundhedskoncept.<\/p>\n<p>\u201dDet giver udstillere og bes\u00f8gende maksimal tryghed og sikkerhed. Og det er helt vildt, hvor udstillerne gl\u00e6der sig til atter at m\u00f8de deres kunder i Varde med aktuelle tilbud og god inspiration til boligen, inde og ude\u201d, siger CMO Martin Boilesen, der melder om t\u00e6t op udsolgt p\u00e5 messen. Enkelte er dog faldet fra grundet usikkerhederne omkring Corona, mens andre, nye er kommet til.<\/p>\n<p>Messen kommer atter til at pr\u00e6sentere en bred skare af udstillere inden for boligindretning, m\u00f8bler, interi\u00f8r, livsstil, beauty, bekl\u00e6dning, velv\u00e6reprodukter og meget mere.<br \/>\nTeam Compass Fairs har haft tryghed og sikkerhed som overskrift for de godt 70 udstillere, som forel\u00f8big er stensikkert p\u00e5 udstillerlisten.<\/p>\n<p>I fjor var hele messen fuldst\u00e6ndig klar til \u00e5bningen, samtlige messestande var bygget op og beredte til at tage imod de sp\u00e6ndte g\u00e6ster, da den danske regering Corona-betinget lukkede hele landet ned \u2013 og dermed messen, som alle ellers gl\u00e6dede sig til.<br \/>\n\u201dDet var et k\u00e6mpe antiklimaks\u201d, siger Martin Boilesen om den oplevelse. Desto st\u00f8rre er gl\u00e6den over atter at kunne sl\u00e5 d\u00f8rene op i Varde Fritidscenter igen.<\/p>\n<p>Sundhedskonceptet betyder bredere gange, begr\u00e6nsninger p\u00e5 antal folk i hallen ad gangen samt<br \/>\net Coronapas med negativ test er en foruds\u00e6tning for adgang til messen.<br \/>\nMesse arrang\u00f8ren kan garantere maksimal tryghed med Afstand-Antal-Hygiejne. <\/p>\n<p>\u201dVi har det vist ligesom k\u00f8erne, der m\u00e5 komme p\u00e5 gr\u00e6s igen om for\u00e5ret efter at have v\u00e6ret lukket inde vinteren over. Udstillere og vi som arrang\u00f8rer er s\u00e5 forn\u00f8jede med at atter at kunne byde velkommen efter lang tids usikkerhed\u201d.<\/p>\n<p>Messen er \u00e5bent den 29. og 30. fra kl. 10-17 i Varde Fritidscenter.<br \/>\n<\/p>","protected":false},"excerpt":{"rendered":"<p>Sorry, this entry is only available in DA.Den traditionsrige Varde Messe afvikles med maksimal tryghed for udstillere og g\u00e6ster den 29.+30. maj. L\u00e6nge har der v\u00e6ret usikkerhed, om den traditionsrige Boligdage messe i Varde kunne gennemf\u00f8res i \u00e5r. De seneste lempelser af Regeringens Corona-restriktioner muligg\u00f8r nu en sikker gennemf\u00f8relse, s\u00e5 arrang\u00f8ren Compass Fairs melder nu &hellip; <a href=\"https:\/\/boligdage.dk\/en\/rodekro-2019-2-11\/\" class=\"more-link\">Continue reading <span class=\"screen-reader-text\">Boligmessen i Varde gennemf\u00f8res efter ufrivillig Corona-pause<\/span><\/a><\/p>\n","protected":false},"author":459474,"featured_media":5778,"comment_status":"closed","ping_status":"closed","sticky":false,"template":"","format":"standard","meta":{"inline_featured_image":false,"_exactmetrics_skip_tracking":false,"_exactmetrics_sitenote_active":false,"_exactmetrics_sitenote_note":"","_exactmetrics_sitenote_category":0,"footnotes":""},"categories":[17,19,1],"tags":[],"class_list":["post-5777","post","type-post","status-publish","format-standard","has-post-thumbnail","hentry","category-home","category-pre-fairs","category-uncategorized"],"acf":[],"_links":{"self":[{"href":"https:\/\/boligdage.dk\/en\/wp-json\/wp\/v2\/posts\/5777","targetHints":{"allow":["GET"]}}],"collection":[{"href":"https:\/\/boligdage.dk\/en\/wp-json\/wp\/v2\/posts"}],"about":[{"href":"https:\/\/boligdage.dk\/en\/wp-json\/wp\/v2\/types\/post"}],"author":[{"embeddable":true,"href":"https:\/\/boligdage.dk\/en\/wp-json\/wp\/v2\/users\/459474"}],"replies":[{"embeddable":true,"href":"https:\/\/boligdage.dk\/en\/wp-json\/wp\/v2\/comments?post=5777"}],"version-history":[{"count":1,"href":"https:\/\/boligdage.dk\/en\/wp-json\/wp\/v2\/posts\/5777\/revisions"}],"predecessor-version":[{"id":5779,"href":"https:\/\/boligdage.dk\/en\/wp-json\/wp\/v2\/posts\/5777\/revisions\/5779"}],"wp:featuredmedia":[{"embeddable":true,"href":"https:\/\/boligdage.dk\/en\/wp-json\/wp\/v2\/media\/5778"}],"wp:attachment":[{"href":"https:\/\/boligdage.dk\/en\/wp-json\/wp\/v2\/media?parent=5777"}],"wp:term":[{"taxonomy":"category","embeddable":true,"href":"https:\/\/boligdage.dk\/en\/wp-json\/wp\/v2\/categories?post=5777"},{"taxonomy":"post_tag","embeddable":true,"href":"https:\/\/boligdage.dk\/en\/wp-json\/wp\/v2\/tags?post=5777"}],"curies":[{"name":"wp","href":"https:\/\/api.w.org\/{rel}","templated":true}]}}