{"id":5766,"date":"2021-05-05T22:58:27","date_gmt":"2021-05-05T20:58:27","guid":{"rendered":"https:\/\/boligdage.dk\/da\/?p=5766"},"modified":"2021-05-05T23:05:00","modified_gmt":"2021-05-05T21:05:00","slug":"rodekro-2019-2-10","status":"publish","type":"post","link":"https:\/\/boligdage.dk\/en\/rodekro-2019-2-10\/","title":{"rendered":"Der er nu givet GR\u00d8NT lys til at g\u00e5 p\u00e5 messe igen"},"content":{"rendered":"<p class=\"qtranxs-available-languages-message qtranxs-available-languages-message-en\">Sorry, this entry is only available in <a href=\"https:\/\/boligdage.dk\/da\/wp-json\/wp\/v2\/posts\/5766\" class=\"qtranxs-available-language-link qtranxs-available-language-link-da\" title=\"DA\">DA<\/a>.<\/p><p>Det sker p\u00e5 baggrund af en politisk bl\u00e5stempling af ekspertgruppens anbefaling af modellen for sundhedsforsvarlig gennemf\u00f8relse af messer. \ud83d\udc4f\ud83d\ude0a<\/p>\n<p>Vi kan nu atter invitere g\u00e6ster indenfor til den kommende Bolig &#038; Livsstilsmesse i Varde d. 29.-30 maj 2021\ud83d\udc4d<\/p>\n<p>Der er s\u00f8rget for trygt bes\u00f8g med henblik p\u00e5 Afstand &#8211; Antal &#8211; Hygiejne. <\/p>\n<p>Du skal bare huske mundbind og gyldigt coronapas.<\/p>\n<p>Vi hilser den politiske aftale meget velkommen, og ser frem til 2 fantastiske messe dage i Varde Fritidscenter.\ud83d\ude0d\ud83d\udc4f <\/p>\n<p>De mange udstillere st\u00e5r klar med SUPER gode messetilbud\ud83d\udc4d<br \/>\n <\/p>","protected":false},"excerpt":{"rendered":"<p>Sorry, this entry is only available in DA.Det sker p\u00e5 baggrund af en politisk bl\u00e5stempling af ekspertgruppens anbefaling af modellen for sundhedsforsvarlig gennemf\u00f8relse af messer. \ud83d\udc4f\ud83d\ude0a Vi kan nu atter invitere g\u00e6ster indenfor til den kommende Bolig &#038; Livsstilsmesse i Varde d. 29.-30 maj 2021\ud83d\udc4d Der er s\u00f8rget for trygt bes\u00f8g med henblik p\u00e5 Afstand &hellip; <a href=\"https:\/\/boligdage.dk\/en\/rodekro-2019-2-10\/\" class=\"more-link\">Continue reading <span class=\"screen-reader-text\">Der er nu givet GR\u00d8NT lys til at g\u00e5 p\u00e5 messe igen<\/span><\/a><\/p>\n","protected":false},"author":459474,"featured_media":5770,"comment_status":"closed","ping_status":"closed","sticky":false,"template":"","format":"standard","meta":{"inline_featured_image":false,"_exactmetrics_skip_tracking":false,"_exactmetrics_sitenote_active":false,"_exactmetrics_sitenote_note":"","_exactmetrics_sitenote_category":0,"footnotes":""},"categories":[17,19,1],"tags":[],"class_list":["post-5766","post","type-post","status-publish","format-standard","has-post-thumbnail","hentry","category-home","category-pre-fairs","category-uncategorized"],"acf":[],"_links":{"self":[{"href":"https:\/\/boligdage.dk\/en\/wp-json\/wp\/v2\/posts\/5766","targetHints":{"allow":["GET"]}}],"collection":[{"href":"https:\/\/boligdage.dk\/en\/wp-json\/wp\/v2\/posts"}],"about":[{"href":"https:\/\/boligdage.dk\/en\/wp-json\/wp\/v2\/types\/post"}],"author":[{"embeddable":true,"href":"https:\/\/boligdage.dk\/en\/wp-json\/wp\/v2\/users\/459474"}],"replies":[{"embeddable":true,"href":"https:\/\/boligdage.dk\/en\/wp-json\/wp\/v2\/comments?post=5766"}],"version-history":[{"count":1,"href":"https:\/\/boligdage.dk\/en\/wp-json\/wp\/v2\/posts\/5766\/revisions"}],"predecessor-version":[{"id":5768,"href":"https:\/\/boligdage.dk\/en\/wp-json\/wp\/v2\/posts\/5766\/revisions\/5768"}],"wp:featuredmedia":[{"embeddable":true,"href":"https:\/\/boligdage.dk\/en\/wp-json\/wp\/v2\/media\/5770"}],"wp:attachment":[{"href":"https:\/\/boligdage.dk\/en\/wp-json\/wp\/v2\/media?parent=5766"}],"wp:term":[{"taxonomy":"category","embeddable":true,"href":"https:\/\/boligdage.dk\/en\/wp-json\/wp\/v2\/categories?post=5766"},{"taxonomy":"post_tag","embeddable":true,"href":"https:\/\/boligdage.dk\/en\/wp-json\/wp\/v2\/tags?post=5766"}],"curies":[{"name":"wp","href":"https:\/\/api.w.org\/{rel}","templated":true}]}}