{"id":6406,"date":"2023-03-07T19:03:06","date_gmt":"2023-03-07T18:03:06","guid":{"rendered":"https:\/\/boligdage.dk\/da\/?p=6406"},"modified":"2023-03-07T19:03:23","modified_gmt":"2023-03-07T18:03:23","slug":"rodekro-2019-2-37","status":"publish","type":"post","link":"https:\/\/boligdage.dk\/da\/rodekro-2019-2-37\/","title":{"rendered":"L\u00f8rdag kl.14.30"},"content":{"rendered":"<p><strong>Influencerne\u00a0Dan og Line<\/strong>\u00a0ser muligheder for nye, kreative\u00a0projekter alle vegne.<br \/>\nOg med den indstilling form\u00e5r de at udnytte hver en kvadratmeter i deres \u00a0hjem til noget brugbart og givende.<\/p>\n<p>P\u00e5 instagram deler de ud af deres bolig og hverdag med alle os og det har vagt opsigt landet over!<\/p>\n<p>P\u00e5 messen i Varde kan i h\u00f8rer meget mere om hvor de mange indretnings ideer kommer fra, hvordan man f\u00e5r s\u00e5 omfattende et projekt til at fungere ,n\u00e5r hverdagen som b\u00f8rnefamilie, erhvervsdrivende og helt almindelig mennesker ogs\u00e5 skal v\u00e6re til.<\/p>","protected":false},"excerpt":{"rendered":"<p>Influencerne\u00a0Dan og Line\u00a0ser muligheder for nye, kreative\u00a0projekter alle vegne. Og med den indstilling form\u00e5r de at udnytte hver en kvadratmeter i deres \u00a0hjem til noget brugbart og givende. P\u00e5 instagram deler de ud af deres bolig og hverdag med alle os og det har vagt opsigt landet over! P\u00e5 messen i Varde kan i h\u00f8rer &hellip; <a href=\"https:\/\/boligdage.dk\/da\/rodekro-2019-2-37\/\" class=\"more-link\">Continue reading <span class=\"screen-reader-text\">L\u00f8rdag kl.14.30<\/span><\/a><\/p>\n","protected":false},"author":459474,"featured_media":6407,"comment_status":"closed","ping_status":"closed","sticky":false,"template":"","format":"standard","meta":{"inline_featured_image":false,"_exactmetrics_skip_tracking":false,"_exactmetrics_sitenote_active":false,"_exactmetrics_sitenote_note":"","_exactmetrics_sitenote_category":0,"footnotes":""},"categories":[1],"tags":[],"class_list":["post-6406","post","type-post","status-publish","format-standard","has-post-thumbnail","hentry","category-uncategorized"],"acf":[],"_links":{"self":[{"href":"https:\/\/boligdage.dk\/da\/wp-json\/wp\/v2\/posts\/6406","targetHints":{"allow":["GET"]}}],"collection":[{"href":"https:\/\/boligdage.dk\/da\/wp-json\/wp\/v2\/posts"}],"about":[{"href":"https:\/\/boligdage.dk\/da\/wp-json\/wp\/v2\/types\/post"}],"author":[{"embeddable":true,"href":"https:\/\/boligdage.dk\/da\/wp-json\/wp\/v2\/users\/459474"}],"replies":[{"embeddable":true,"href":"https:\/\/boligdage.dk\/da\/wp-json\/wp\/v2\/comments?post=6406"}],"version-history":[{"count":1,"href":"https:\/\/boligdage.dk\/da\/wp-json\/wp\/v2\/posts\/6406\/revisions"}],"predecessor-version":[{"id":6408,"href":"https:\/\/boligdage.dk\/da\/wp-json\/wp\/v2\/posts\/6406\/revisions\/6408"}],"wp:featuredmedia":[{"embeddable":true,"href":"https:\/\/boligdage.dk\/da\/wp-json\/wp\/v2\/media\/6407"}],"wp:attachment":[{"href":"https:\/\/boligdage.dk\/da\/wp-json\/wp\/v2\/media?parent=6406"}],"wp:term":[{"taxonomy":"category","embeddable":true,"href":"https:\/\/boligdage.dk\/da\/wp-json\/wp\/v2\/categories?post=6406"},{"taxonomy":"post_tag","embeddable":true,"href":"https:\/\/boligdage.dk\/da\/wp-json\/wp\/v2\/tags?post=6406"}],"curies":[{"name":"wp","href":"https:\/\/api.w.org\/{rel}","templated":true}]}}